{"id":2488,"date":"2017-12-15T09:03:27","date_gmt":"2017-12-15T09:03:27","guid":{"rendered":"https:\/\/blog.braininstitute.ca\/non-classifiee\/promouvoir-le-bien-etre-et-la-resilience-dans-les-collectivites\/"},"modified":"2017-12-15T09:03:27","modified_gmt":"2017-12-15T09:03:27","slug":"promouvoir-le-bien-etre-et-la-resilience-dans-les-collectivites","status":"publish","type":"post","link":"https:\/\/blog.braininstitute.ca\/fr\/brain-health-and-wellness\/promouvoir-le-bien-etre-et-la-resilience-dans-les-collectivites\/","title":{"rendered":"Promouvoir le bien-\u00eatre et la r\u00e9silience dans les collectivit\u00e9s"},"content":{"rendered":"<p>Au Canada, le suicide repr\u00e9sente <a href=\"https:\/\/cmha.ca\/media\/fast-facts-about-mental-illness\/\">24\u00a0%<\/a> de tous les d\u00e9c\u00e8s chez les 15 \u00e0 24 ans. Chez les jeunes des Premi\u00e8res Nations, le taux de suicide est de cinq \u00e0 sept fois plus \u00e9lev\u00e9 que chez les <a href=\"https:\/\/www.canada.ca\/en\/health-canada\/services\/first-nations-inuit-health\/health-promotion\/suicide-prevention.html\">jeunes<\/a> non autochtones. Bien que le taux de suicide dans chaque collectivit\u00e9 des Premi\u00e8res Nations soit diff\u00e9rent, ces chiffres demeurent beaucoup trop \u00e9lev\u00e9s, ce qui a in\u00e9vitablement des effets d\u00e9vastateurs sur le bien-\u00eatre g\u00e9n\u00e9ral de plusieurs collectivit\u00e9s \u00e9troitement li\u00e9es.<!--more--><\/p>\n<p><a href=\"http:\/\/braininstitute.ca\/research-data-sharing\/depression\">CAN-BIND<\/a> (le programme de recherche de l\u2019IOC sur la d\u00e9pression) a \u00e9tabli un partenariat avec une collectivit\u00e9 des Premi\u00e8res Nations pour mettre sur pied un programme communautaire pour les jeunes en quatre volets qui encourage le bien-\u00eatre et l\u2019appr\u00e9ciation de la vie. L\u2019objectif du programme est de renforcer la r\u00e9silience au sein de la collectivit\u00e9, de promouvoir la vie et de r\u00e9duire le nombre de suicides. <em>\u00ab\u00a0Am\u00e9liorer le soutien en mati\u00e8re\u00a0de\u00a0sant\u00e9 mentale pour les jeunes de la r\u00e9gion \u00e9tait une priorit\u00e9 pour cette collectivit\u00e9 des Premi\u00e8res Nations, ce qui a aliment\u00e9 le partenariat avec CAN-BIND\u00a0\u00bb<\/em>, a affirm\u00e9 Mme\u00a0Fonseka, associ\u00e9e de recherche et responsable du Indigenous Outreach Program (programme de sensibilisation destin\u00e9 aux jeunes autochtones). Par cons\u00e9quent, l\u2019aide offerte adh\u00e8re \u00e0 leurs conditions et r\u00e9pond \u00e0 leurs besoins pour ramener les jeunes \u00e0 leurs racines gr\u00e2ce \u00e0 des consultations exhaustives avec les a\u00een\u00e9s des collectivit\u00e9s des Premi\u00e8res Nations, ce qui rend possible un programme de sensibilisation holistique.<\/p>\n<p>Ce partenariat utilise une approche \u00ab\u00a0\u00e0\u00a0deux\u00a0yeux\u00a0\u00bb par laquelle les traditions autochtone et occidentale sont utilis\u00e9es pour \u00e9laborer un programme. La collectivit\u00e9 a choisi de fonder le programme sur les points cardinaux et les saisons : le printemps (l\u2019est) parle d\u2019<em>appartenance<\/em>, l\u2019\u00e9t\u00e9 (le sud) est fond\u00e9 sur l\u2019<em>identit\u00e9<\/em>, l\u2019automne (l\u2019ouest<em>) <\/em>est ax\u00e9 sur l\u2019<em>estime de soi <\/em>et l\u2019hiver (le nord) met l\u2019accent sur la<em> raison d\u2019\u00eatre<\/em>. En collaboration avec les repr\u00e9sentants de la collectivit\u00e9 des Premi\u00e8res Nations, CAN-BIND a aid\u00e9 \u00e0 d\u00e9velopper le contenu du programme et \u00e0 fournir des outils et des ressources. Ils ont \u00e9galement offert de la formation au personnel de la collectivit\u00e9 sur la durabilit\u00e9 du programme pour que la collectivit\u00e9 puisse enti\u00e8rement s\u2019approprier le programme et le g\u00e9rer \u00e0 long terme.<\/p>\n<p>\u00ab\u00a0<em>Nous cherchons \u00e0 r\u00e9duire le taux de d\u00e9pression et de suicide dans la collectivit\u00e9 en d\u00e9veloppant une masse\u00a0critique de mesures de soutien social positif pour les jeunes\u00a0\u00bb,<\/em> a expliqu\u00e9 le Dr Gerald McKinley, chercheur principal du Indigenous Outreach Program de CAN-BIND. <em>\u00ab\u00a0En identifiant les faiblesses et les forces d\u2019une collectivit\u00e9, nous pouvons att\u00e9nuer les risques d\u2019actes autodestructeurs. Le sentiment d\u2019appartenance agit comme un facteur\u00a0de protection contre la d\u00e9pression et le suicide, mais l\u2019appartenance, lorsqu\u2019elle est consid\u00e9r\u00e9e comme \u00e9tant des relations, repr\u00e9sente un facteur culturel important pour de nombreuses collectivit\u00e9s des Premi\u00e8res Nations.\u00a0\u00bb<\/em><\/p>\n<p>Pour la collectivit\u00e9, le programme repr\u00e9sente l\u2019amorce d\u2019un dialogue avec leurs jeunes sur la promotion du bien-\u00eatre et de la vie, en les invitant \u00e0 partager leurs pens\u00e9es et leurs exp\u00e9riences dans un cadre s\u00fbr et culturel. Pour l\u2019\u00e9quipe, le programme a donn\u00e9 lieu \u00e0 un apprentissage important de tous les c\u00f4t\u00e9s; le fait de travailler ensemble a men\u00e9 \u00e0 une meilleure compr\u00e9hension g\u00e9n\u00e9rale de la fa\u00e7on d\u2019aborder la sant\u00e9 mentale des perspectives autochtone et occidentale.<\/p>\n","protected":false},"excerpt":{"rendered":"<p>Au Canada, le suicide repr\u00e9sente 24\u00a0% de tous les d\u00e9c\u00e8s chez les 15 \u00e0 24 ans. Chez les jeunes des Premi\u00e8res Nations, le taux de suicide est de cinq \u00e0 sept fois plus \u00e9lev\u00e9 que chez les jeunes non autochtones. Bien que le taux de suicide dans chaque collectivit\u00e9 des Premi\u00e8res Nations soit diff\u00e9rent, ces [&hellip;]<\/p>\n","protected":false},"author":1,"featured_media":1671,"comment_status":"open","ping_status":"open","sticky":false,"template":"","format":"standard","meta":{"_acf_changed":false,"footnotes":""},"categories":[1],"tags":[],"class_list":["post-2488","post","type-post","status-publish","format-standard","has-post-thumbnail","hentry","category-brain-health-and-wellness"],"acf":[],"_links":{"self":[{"href":"https:\/\/blog.braininstitute.ca\/fr\/wp-json\/wp\/v2\/posts\/2488","targetHints":{"allow":["GET"]}}],"collection":[{"href":"https:\/\/blog.braininstitute.ca\/fr\/wp-json\/wp\/v2\/posts"}],"about":[{"href":"https:\/\/blog.braininstitute.ca\/fr\/wp-json\/wp\/v2\/types\/post"}],"author":[{"embeddable":true,"href":"https:\/\/blog.braininstitute.ca\/fr\/wp-json\/wp\/v2\/users\/1"}],"replies":[{"embeddable":true,"href":"https:\/\/blog.braininstitute.ca\/fr\/wp-json\/wp\/v2\/comments?post=2488"}],"version-history":[{"count":0,"href":"https:\/\/blog.braininstitute.ca\/fr\/wp-json\/wp\/v2\/posts\/2488\/revisions"}],"wp:featuredmedia":[{"embeddable":true,"href":"https:\/\/blog.braininstitute.ca\/fr\/wp-json\/wp\/v2\/media\/1671"}],"wp:attachment":[{"href":"https:\/\/blog.braininstitute.ca\/fr\/wp-json\/wp\/v2\/media?parent=2488"}],"wp:term":[{"taxonomy":"category","embeddable":true,"href":"https:\/\/blog.braininstitute.ca\/fr\/wp-json\/wp\/v2\/categories?post=2488"},{"taxonomy":"post_tag","embeddable":true,"href":"https:\/\/blog.braininstitute.ca\/fr\/wp-json\/wp\/v2\/tags?post=2488"}],"curies":[{"name":"wp","href":"https:\/\/api.w.org\/{rel}","templated":true}]}}