{"id":3137,"date":"2025-01-20T15:42:31","date_gmt":"2025-01-20T15:42:31","guid":{"rendered":"https:\/\/blog.braininstitute.ca\/?p=3137"},"modified":"2025-11-06T14:05:43","modified_gmt":"2025-11-06T14:05:43","slug":"demystifier-les-mythes-sur-la-sante-du-cerveau-reflexions-sur-optimiser-le-cerveau-a-lage-adulte","status":"publish","type":"post","link":"https:\/\/blog.braininstitute.ca\/fr\/brain-health-and-wellness\/demystifier-les-mythes-sur-la-sante-du-cerveau-reflexions-sur-optimiser-le-cerveau-a-lage-adulte\/","title":{"rendered":"D\u00e9mystifier les mythes sur la sant\u00e9 du cerveau : R\u00e9flexions sur \u00ab Optimiser le cerveau \u00e0 l\u2019\u00e2ge adulte \u00bb"},"content":{"rendered":"\n<p>Le cerveau est l\u2019un des organes les plus complexes et les plus vitaux du corps humain. Pourtant, de nombreuses id\u00e9es fausses demeurent sur la sant\u00e9 du cerveau. Lors de la r\u00e9cente discussion publique \u00ab Optimiser le cerveau \u00e0 l\u2019\u00e2ge adulte \u00bb, des experts en neurosciences, en psychiatrie et en sant\u00e9 communautaire se sont pench\u00e9s sur certains de ces mythes et ont propos\u00e9 des perspectives fond\u00e9es sur des donn\u00e9es probantes afin de nous orienter vers la sant\u00e9 du cerveau tout au long de la vie.<\/p>\n\n\n\n<p class=\"has-large-font-size\"><strong><strong>Mythe n<sup>o<\/sup> 1: La sant\u00e9 du cerveau n\u2019est importante qu\u2019\u00e0 un \u00e2ge avanc\u00e9<\/strong><\/strong><\/p>\n\n\n\n<p class=\"has-medium-font-size\">Fait : la sant\u00e9 du cerveau est importante \u00e0 chaque \u00e9tape de la vie<\/p>\n\n\n\n<p>Inez Jabalpurwala, directrice g\u00e9n\u00e9rale de Brain Health Nexus et pr\u00e9sidente et directrice g\u00e9n\u00e9rale du Forum des politiques publiques, a soulign\u00e9 trois changements majeurs dans notre compr\u00e9hension de la sant\u00e9 du cerveau au cours des deux derni\u00e8res d\u00e9cennies :<\/p>\n\n\n\n<ul class=\"wp-block-list\">\n<li>Le passage d\u2019approches fragment\u00e9es et cloisonn\u00e9es \u00e0 une compr\u00e9hension holistique du cerveau en tant que syst\u00e8me interconnect\u00e9.<\/li>\n<\/ul>\n\n\n\n<ul class=\"wp-block-list\">\n<li>Une reconnaissance croissante de la fa\u00e7on dont le mode de vie et les facteurs environnementaux fa\u00e7onnent la sant\u00e9 du cerveau.<\/li>\n<\/ul>\n\n\n\n<ul class=\"wp-block-list\">\n<li>La transition d\u2019un mod\u00e8le bas\u00e9 sur les d\u00e9ficits \u00e0 un mod\u00e8le favorisant les soins proactifs et le bien-\u00eatre, o\u00f9 la sant\u00e9 du cerveau n\u2019est pas d\u00e9finie uniquement par l\u2019absence de maladie, mais par un \u00e9panouissement actif.<\/li>\n<\/ul>\n\n\n\n<p>L\u2019un des principaux th\u00e8mes de l\u2019\u00e9v\u00e9nement \u00e9tait le d\u00e9placement du traitement des maladies chez les personnes plus \u00e2g\u00e9es vers la promotion du bien-\u00eatre du cerveau tout au long de la vie.<\/p>\n\n\n\n<p>\u00ab La sant\u00e9 du cerveau ne consiste pas seulement \u00e0 \u00e9viter les maladies \u2013 c\u2019est une question d\u2019\u00e9panouissement tout au long de la vie. \u00bb \u2013 Inez Jabalpurwala<\/p>\n\n\n\n<p>Mme Jabalpurwala a insist\u00e9 sur le fait que les choix de mode de vie effectu\u00e9s t\u00f4t dans la vie ont un impact profond sur la sant\u00e9 du cerveau plus tard, d\u2019o\u00f9 la n\u00e9cessit\u00e9 d\u2019agir de mani\u00e8re proactive.<\/p>\n\n\n\n<p class=\"has-large-font-size\"><strong><strong>Mythe n<sup>o<\/sup> 2 : Le repos est la seule fa\u00e7on de se remettre d\u2019une commotion c\u00e9r\u00e9brale<\/strong><\/strong><\/p>\n\n\n\n<p class=\"has-medium-font-size\">Fait : L\u2019activit\u00e9 physique contr\u00f4l\u00e9e peut favoriser le r\u00e9tablissement.<\/p>\n\n\n\n<p>La sagesse populaire a longtemps soutenu que le repos complet \u00e9tait la meilleure fa\u00e7on de se remettre d\u2019une commotion c\u00e9r\u00e9brale. Toutefois, le Dr John Leddy, professeur clinicien et m\u00e9decin en m\u00e9decine sportive \u00e0 la University at Buffalo, a expliqu\u00e9 qu\u2019une activit\u00e9 physique bien g\u00e9r\u00e9e peut favoriser le r\u00e9tablissement.<\/p>\n\n\n\n<figure class=\"wp-block-image size-large\"><img loading=\"lazy\" decoding=\"async\" width=\"1024\" height=\"683\" src=\"https:\/\/blog.braininstitute.ca\/wp-content\/uploads\/2024\/12\/IMG_4028-2-1024x683.jpg\" alt=\"\" class=\"wp-image-3096\" srcset=\"https:\/\/blog.braininstitute.ca\/wp-content\/uploads\/2024\/12\/IMG_4028-2-1024x683.jpg 1024w, https:\/\/blog.braininstitute.ca\/wp-content\/uploads\/2024\/12\/IMG_4028-2-300x200.jpg 300w, https:\/\/blog.braininstitute.ca\/wp-content\/uploads\/2024\/12\/IMG_4028-2-768x512.jpg 768w, https:\/\/blog.braininstitute.ca\/wp-content\/uploads\/2024\/12\/IMG_4028-2-1536x1024.jpg 1536w, https:\/\/blog.braininstitute.ca\/wp-content\/uploads\/2024\/12\/IMG_4028-2-2048x1365.jpg 2048w, https:\/\/blog.braininstitute.ca\/wp-content\/uploads\/2024\/12\/IMG_4028-2-640x427.jpg 640w, https:\/\/blog.braininstitute.ca\/wp-content\/uploads\/2024\/12\/IMG_4028-2-1200x800.jpg 1200w, https:\/\/blog.braininstitute.ca\/wp-content\/uploads\/2024\/12\/IMG_4028-2-1920x1280.jpg 1920w, https:\/\/blog.braininstitute.ca\/wp-content\/uploads\/2024\/12\/IMG_4028-2-1440x960.jpg 1440w, https:\/\/blog.braininstitute.ca\/wp-content\/uploads\/2024\/12\/IMG_4028-2-1620x1080.jpg 1620w\" sizes=\"auto, (max-width: 639px) 98vw, (max-width: 1199px) 64vw, 770px\" \/><\/figure>\n\n\n\n<figure class=\"wp-block-pullquote has-medium-font-size\" style=\"border-radius:0px\"><blockquote><p>\u00ab Le mouvement, lorsqu\u2019il est soigneusement g\u00e9r\u00e9, peut en fait acc\u00e9l\u00e9rer le r\u00e9tablissement apr\u00e8s une commotion c\u00e9r\u00e9brale. \u00bb<\/p><cite><em>\u2013 D<sup>r<\/sup> John Leddy<\/em><\/cite><\/blockquote><\/figure>\n\n\n\n<p>Les travaux du Dr Leddy, qui s\u2019inscrivent dans le cadre du programme TRANSCENDENT de l\u2019IOC, ouvrent la voie \u00e0 des approches novatrices du r\u00e9tablissement apr\u00e8s une commotion c\u00e9r\u00e9brale et de traitement du syndrome post-commotion c\u00e9r\u00e9brale.<\/p>\n\n\n\n<p class=\"has-large-font-size\"><strong>Mythe n<sup>o<\/sup> 3 : Les commotions c\u00e9r\u00e9brales entra\u00eenent la maladie d\u2019Alzheimer<\/strong><\/p>\n\n\n\n<p class=\"has-medium-font-size\">Fait : Si les l\u00e9sions c\u00e9r\u00e9brales traumatiques (TCC) peuvent augmenter le risque de d\u00e9mence, les commotions c\u00e9r\u00e9brales en sont rarement la cause. \u00a0<\/p>\n\n\n\n<p>Le Dr Leddy a expliqu\u00e9 que m\u00eame s\u2019il n\u2019existe aucune preuve directe du lien entre les commotions c\u00e9r\u00e9brales et la maladie d\u2019Alzheimer, des l\u00e9sions c\u00e9r\u00e9brales traumatiques (TCC) plus graves, comme celles qui entra\u00eenent un coma ou une h\u00e9morragie c\u00e9r\u00e9brale, sont des facteurs de risque connus de d\u00e9mence. Toutefois, les commotions c\u00e9r\u00e9brales sont plus souvent associ\u00e9es \u00e0 l\u2019enc\u00e9phalopathie traumatique chronique (ETC), plus particuli\u00e8rement chez les athl\u00e8tes qui subissent des chocs r\u00e9p\u00e9t\u00e9s \u00e0 la t\u00eate.<\/p>\n\n\n\n<blockquote class=\"wp-block-quote is-layout-flow wp-block-quote-is-layout-flow\">\n<blockquote class=\"wp-block-quote is-layout-flow wp-block-quote-is-layout-flow\">\n<figure class=\"wp-block-pullquote has-medium-font-size\"><blockquote><p><em>\u00ab Pour les personnes qui ont subi une ou deux commotions c\u00e9r\u00e9brales, au secondaire ou dans des activit\u00e9s sportives r\u00e9cr\u00e9atives par exemple, il n\u2019y a pas lieu de s\u2019inqui\u00e9ter de l\u2019apparition de la maladie d\u2019Alzheimer, \u00e0 moins que d\u2019autres facteurs de risque \u2013 tels que la g\u00e9n\u00e9tique, la d\u00e9pression ou des maladies m\u00e9taboliques \u2013 ne soient pr\u00e9sents. \u00bb<\/em><\/p><cite><em>\u2014 D<sup>r<\/sup> John Leddy<\/em><\/cite><\/blockquote><\/figure>\n\n\n\n<p class=\"has-large-font-size\"><strong><strong>Mythe n<sup>o<\/sup> 4 : Les changements de mode de vie n\u2019ont pas de cons\u00e9quences significatives sur la sant\u00e9 du cerveau<\/strong><\/strong><\/p>\n<\/blockquote>\n<\/blockquote>\n\n\n\n<p class=\"has-medium-font-size\">Fait : La m\u00e9decine du mode de vie est en train de transformer les soins de sant\u00e9 mentale.<\/p>\n\n\n\n<p>Le Dr Fabiano Gomes, professeur adjoint de psychiatrie et de neurosciences comportementales \u00e0 l\u2019Universit\u00e9 McMaster, psychiatre universitaire \u00e0 l\u2019h\u00f4pital de recherche St. Joseph\u2019s Healthcare Hamilton, et membre du programme du R\u00e9seau canadien d\u2019int\u00e9gration des biomarqueurs dans la d\u00e9pression (CAN-BIND), a insist\u00e9 sur la fa\u00e7on dont la sant\u00e9 cardiovasculaire, l\u2019alimentation et l\u2019exercice physique peuvent am\u00e9liorer consid\u00e9rablement la fonction c\u00e9r\u00e9brale, plus particuli\u00e8rement chez les personnes souffrant de troubles de l\u2019humeur tels que la d\u00e9pression. Le Dr Gomes a soulign\u00e9 le r\u00f4le croissant de la m\u00e9decine du mode de vie dans les soins de sant\u00e9 mentale, o\u00f9 de simples changements \u2013 notamment une meilleure alimentation et de l\u2019exercice physique sur une base r\u00e9guli\u00e8re \u2013 peuvent att\u00e9nuer le vieillissement acc\u00e9l\u00e9r\u00e9 souvent observ\u00e9 chez les personnes vivant avec la d\u00e9pression.<\/p>\n\n\n\n<blockquote class=\"wp-block-quote is-layout-flow wp-block-quote-is-layout-flow\">\n<figure class=\"wp-block-pullquote has-medium-font-size\"><blockquote><p><em>\u00ab De simples changements au mode de vie peuvent ralentir le vieillissement acc\u00e9l\u00e9r\u00e9 du cerveau observ\u00e9 dans des maladies telles que la d\u00e9pression.\u00a0\u00bb<\/em><\/p><cite><em>\u2013 D<sup>r<\/sup> Fabiano Gomes<\/em><\/cite><\/blockquote><\/figure>\n<\/blockquote>\n\n\n\n<p class=\"has-large-font-size\"><strong>Mythe n<sup>o<\/sup> 5 : La m\u00e9ditation est seulement un moyen de d\u00e9tente<\/strong><\/p>\n\n\n\n<p class=\"has-medium-font-size\">Fait : La m\u00e9ditation entra\u00eene le cerveau \u00e0 mieux se concentrer et \u00e0 faire preuve d\u2019une plus grande r\u00e9silience.<\/p>\n\n\n\n<p>Ariel Garten, cr\u00e9atrice du bandeau de d\u00e9tection c\u00e9r\u00e9brale Muse, a pr\u00e9sent\u00e9 comment la technologie EEG portable transforme les soins de sant\u00e9 mentale. Le bandeau Muse fournit une r\u00e9troaction en temps r\u00e9el pendant la m\u00e9ditation, ce qui permet aux utilisateurs de surveiller et d\u2019am\u00e9liorer leur bien-\u00eatre mental gr\u00e2ce \u00e0 des signaux audio bas\u00e9s sur l\u2019activit\u00e9 c\u00e9r\u00e9brale, et les aide \u00e0 obtenir un meilleur contr\u00f4le de la concentration et de la d\u00e9tente.<\/p>\n\n\n\n<figure class=\"wp-block-pullquote has-medium-font-size\"><blockquote><p><em>\u00ab La m\u00e9ditation aide les gens \u00e0 reconna\u00eetre et \u00e0 r\u00e9orienter les sch\u00e9mas de pens\u00e9e ind\u00e9sirables, stimulant ainsi la concentration et la sant\u00e9 mentale. \u00bb<\/em><\/p><cite>\u2013 Ariel Garten&nbsp;<\/cite><\/blockquote><\/figure>\n\n\n\n<p>Cette pratique comporte des effets b\u00e9n\u00e9fiques importants non seulement sur la sant\u00e9 mentale, mais aussi sur le bien-\u00eatre physique. En r\u00e9duisant le stress, en calmant les r\u00e9actions physiologiques et en cultivant la pleine conscience, la m\u00e9ditation peut renforcer la sant\u00e9 globale. Combin\u00e9e avec l\u2019utilisation d\u2019outils comme le bandeau Muse, la m\u00e9ditation peut devenir un moyen proactif de prot\u00e9ger et d\u2019optimiser la sant\u00e9 du cerveau.<\/p>\n\n\n\n<p class=\"has-large-font-size\"><strong>Mythe n<sup>o<\/sup> 6 : Les psych\u00e9d\u00e9liques sont une solution \u00e9prouv\u00e9e pour des probl\u00e8mes de sant\u00e9 mentale <\/strong><\/p>\n\n\n\n<p class=\"has-medium-font-size\">Fait : Les traitements par les psych\u00e9d\u00e9liques sont prometteurs, mais font encore l\u2019objet de recherches.<\/p>\n\n\n\n<p>Le D<sup>r<\/sup> Gomes a communiqu\u00e9 sa vision du leadership du Canada dans la recherche moderne sur les psych\u00e9d\u00e9liques, en particulier pour la d\u00e9pression r\u00e9sistante au traitement. Bien que les premi\u00e8res \u00e9tudes soient prometteuses, des essais cliniques plus rigoureux sont n\u00e9cessaires pour comprendre pleinement le potentiel th\u00e9rapeutique de ces substances.<\/p>\n\n\n\n<figure class=\"wp-block-image size-large\"><img loading=\"lazy\" decoding=\"async\" width=\"1024\" height=\"683\" src=\"https:\/\/blog.braininstitute.ca\/wp-content\/uploads\/2024\/12\/IMG_4012-1024x683.jpg\" alt=\"\" class=\"wp-image-3056\" srcset=\"https:\/\/blog.braininstitute.ca\/wp-content\/uploads\/2024\/12\/IMG_4012-1024x683.jpg 1024w, https:\/\/blog.braininstitute.ca\/wp-content\/uploads\/2024\/12\/IMG_4012-300x200.jpg 300w, https:\/\/blog.braininstitute.ca\/wp-content\/uploads\/2024\/12\/IMG_4012-768x512.jpg 768w, https:\/\/blog.braininstitute.ca\/wp-content\/uploads\/2024\/12\/IMG_4012-1536x1024.jpg 1536w, https:\/\/blog.braininstitute.ca\/wp-content\/uploads\/2024\/12\/IMG_4012-2048x1365.jpg 2048w, https:\/\/blog.braininstitute.ca\/wp-content\/uploads\/2024\/12\/IMG_4012-640x427.jpg 640w, https:\/\/blog.braininstitute.ca\/wp-content\/uploads\/2024\/12\/IMG_4012-1200x800.jpg 1200w, https:\/\/blog.braininstitute.ca\/wp-content\/uploads\/2024\/12\/IMG_4012-1920x1280.jpg 1920w, https:\/\/blog.braininstitute.ca\/wp-content\/uploads\/2024\/12\/IMG_4012-1440x960.jpg 1440w, https:\/\/blog.braininstitute.ca\/wp-content\/uploads\/2024\/12\/IMG_4012-1620x1080.jpg 1620w\" sizes=\"auto, (max-width: 639px) 98vw, (max-width: 1199px) 64vw, 770px\" \/><\/figure>\n\n\n\n<figure class=\"wp-block-pullquote has-medium-font-size\"><blockquote><p><em>\u00ab Les psych\u00e9d\u00e9liques pr\u00e9sentent un potentiel, mais nous devons les aborder avec prudence. La recherche en est encore \u00e0 ses d\u00e9buts et nous avons besoin d\u2019\u00e9tudes rigoureuses pour en garantir l\u2019innocuit\u00e9 et l\u2019efficacit\u00e9. \u00bb<\/em><\/p><cite><em>\u2014 D<sup>r<\/sup> Fabiano Gomes<\/em><\/cite><\/blockquote><\/figure>\n\n\n\n<p>Quand on l\u2019interroge sur l\u2019importance de l\u2019\u00ab efficacit\u00e9 \u00bb et de l\u2019\u00ab innocuit\u00e9 \u00bb dans les recherches cliniques, le Dr Gomes explique que l\u2019efficacit\u00e9 fait r\u00e9f\u00e9rence au fait qu\u2019un traitement fonctionne mieux qu\u2019un placebo ou qu\u2019un traitement standard, tandis que l\u2019innocuit\u00e9 \u00e9value le risque d\u2019effets secondaires ou d\u2019effets nocifs. Dans le cas des psych\u00e9d\u00e9liques, la mesure de l\u2019efficacit\u00e9 repr\u00e9sente un d\u00e9fi puisqu\u2019il est difficile de mettre les participants d\u2019une \u00e9tude dans une position d\u2019ignorance des effets, ce qui rend plus compliqu\u00e9 le contr\u00f4le des pr\u00e9jug\u00e9s.<\/p>\n\n\n\n<p class=\"has-large-font-size\"><strong>Mythe n<sup>o<\/sup> 7 : Les troubles du cerveau se g\u00e8rent mieux par la prise de m\u00e9dicaments uniquement<\/strong><\/p>\n\n\n\n<p class=\"has-medium-font-size\">Fait : La prise en charge de pathologies telles que les troubles bipolaires ne se limite pas \u00e0 la prise de m\u00e9dicaments.<\/p>\n\n\n\n<p>Le D<sup>r<\/sup> Gomes a soulign\u00e9 l\u2019importance de stabiliser les rythmes biologiques \u2013 tels que le sommeil, l\u2019app\u00e9tit et les habitudes quotidiennes \u2013 en plus des stabilisateurs d\u2019humeur. Le fait d\u2019\u00e9viter les substances comme l\u2019alcool et de se concentrer sur des soins holistiques peut conduire \u00e0 de meilleurs r\u00e9sultats. Des ressources comme <em>Hope + Me<\/em> et CREST.BD sont inestimables pour apporter un soutien au-del\u00e0 des traitements pharmacologiques.<\/p>\n\n\n\n<p class=\"has-large-font-size\"><strong>Mythe n<sup>o<\/sup> 8 : Les soins de sant\u00e9 mentale sont de nature universelle<\/strong><\/p>\n\n\n\n<p class=\"has-medium-font-size\">Fait : Des soins \u00e9quitables et sensibles aux cultures sont essentiels.<\/p>\n\n\n\n<p>M. Andrew Kcomt de Hope + Me et M<sup>me<\/sup> Elise Herzig de JIAS Toronto ont soulign\u00e9 l\u2019importance d\u2019adapter les soins de sant\u00e9 mentale \u00e0 la diversit\u00e9 des communaut\u00e9s desservies. Leurs observations ont permis de mettre en \u00e9vidence que la mise au point de programmes sp\u00e9cifiques aux communaut\u00e9s est essentielle pour une prestation de soins \u00e9quitable.<\/p>\n\n\n\n<figure class=\"wp-block-pullquote has-medium-font-size\"><blockquote><p><em>\u00ab Les soins de sant\u00e9 mentale doivent \u00eatre aussi diversifi\u00e9s que les communaut\u00e9s qui en b\u00e9n\u00e9ficient. Pour les groupes marginalis\u00e9s, l\u2019acc\u00e8s \u00e0 des services de sant\u00e9 mentale de qualit\u00e9 est une lutte incessante. \u00bb \u00a0<\/em><\/p><cite>\u2014 Andrew Kcomt&nbsp;<\/cite><\/blockquote><\/figure>\n\n\n\n<p>M<sup>me<\/sup> Herzig a pr\u00e9cis\u00e9 l\u2019importance de fournir un soutien sensible \u00e0 la culture et de cr\u00e9er des espaces s\u00fbrs pour que les nouveaux arrivants, plus particuli\u00e8rement les femmes immigrantes, puissent discuter de leurs probl\u00e8mes de sant\u00e9 mentale.<\/p>\n\n\n\n<figure class=\"wp-block-pullquote has-medium-font-size\"><blockquote><p><em>\u00ab Pour les nouveaux arrivants, la sant\u00e9 mentale est souvent rel\u00e9gu\u00e9e au second plan en raison du stress engendr\u00e9 par l\u2019adaptation \u00e0 un nouvel environnement. Il est essentiel que nous comprenions leurs besoins particuliers et que nous leur apportions un soutien adapt\u00e9 qui respecte leur contexte culturel. \u00bb<\/em><\/p><cite>\u2014 Elise Herzig&nbsp;<\/cite><\/blockquote><\/figure>\n\n\n\n<p class=\"has-large-font-size\"><strong><strong>Une vision holistique de la sant\u00e9 du cerveau<\/strong><\/strong><\/p>\n\n\n\n<p>\u00c0 la fin de l\u2019\u00e9v\u00e9nement, un message central est devenu \u00e9vident : l\u2019optimisation de la sant\u00e9 du cerveau va au-del\u00e0 du traitement ou de la pr\u00e9vention des maladies \u2013 elle n\u00e9cessite des efforts proactifs visant \u00e0 accro\u00eetre le bien-\u00eatre en g\u00e9n\u00e9ral. Des avanc\u00e9es en mati\u00e8re de r\u00e9cup\u00e9ration des commotions c\u00e9r\u00e9brales et de la m\u00e9decine du mode de vie aux ressources communautaires et aux technologies innovantes telles que le bandeau de d\u00e9tection c\u00e9r\u00e9brale Muse, les discussions ont fait ressortir l\u2019importance d\u2019adopter une approche holistique de la sant\u00e9 du cerveau.<\/p>\n\n\n\n<p>En int\u00e9grant la recherche scientifique de pointe, en encourageant la collaboration communautaire et en adoptant des technologies innovantes, les efforts visent \u00e0 aider les personnes de tous \u00e2ges \u00e0 am\u00e9liorer la sant\u00e9 de leur cerveau, \u00e0 se remettre de leurs blessures et \u00e0 am\u00e9liorer leur qualit\u00e9 de vie. Alors que le d\u00e9bat sur la sant\u00e9 du cerveau continue de prendre de l\u2019ampleur, l\u2019engagement en faveur de la collaboration, de l\u2019\u00e9ducation et de l\u2019innovation laisse pr\u00e9sager un avenir plus radieux dans ce domaine.<\/p>\n\n\n\n<p>Cet \u00e9v\u00e9nement a fait tomber des mythes de longue date au sujet de la sant\u00e9 du cerveau, en soulignant la n\u00e9cessit\u00e9 d\u2019opter pour une approche proactive et holistique. De la m\u00e9decine du mode de vie et de la m\u00e9ditation aux technologies innovantes et aux soins centr\u00e9s sur les communaut\u00e9s, il existe de nombreux moyens d\u2019am\u00e9liorer la sant\u00e9 du cerveau \u00e0 tous les stades de la vie.<\/p>\n\n\n\n<p>En d\u00e9mystifiant les mythes et en adoptant des pratiques fond\u00e9es sur des donn\u00e9es probantes, nous pouvons donner les moyens aux individus de prendre en charge la sant\u00e9 de leur cerveau et d\u2019\u00e9voluer dans une perspective de bien-\u00eatre tout au long de leur vie.<\/p>\n\n\n\n<p class=\"has-large-font-size\"><\/p>\n\n\n\n<p class=\"has-text-align-left has-medium-font-size\"><strong><strong><em>Regardez la rediffusion de la discussion publique \u00ab Optimiser le cerveau \u00e0 l\u2019\u00e2ge adulte \u00bb pour approfondir ces perspectives.<\/em><\/strong><\/strong><\/p>\n\n\n\n<figure class=\"wp-block-embed is-type-video is-provider-youtube wp-block-embed-youtube wp-embed-aspect-16-9 wp-has-aspect-ratio\"><div class=\"wp-block-embed__wrapper\">\n<div class=\"responsive-embed widescreen\"><iframe loading=\"lazy\" title=\"OBI Public Talks - Optimizing the Adult Brain - Brain Health Across the Lifespan series\" width=\"500\" height=\"281\" src=\"https:\/\/www.youtube.com\/embed\/EEQzoKDVaWY?feature=oembed\" frameborder=\"0\" allow=\"accelerometer; autoplay; clipboard-write; encrypted-media; gyroscope; picture-in-picture; web-share\" referrerpolicy=\"strict-origin-when-cross-origin\" allowfullscreen><\/iframe><\/div>\n<\/div><\/figure>\n\n\n\n<p class=\"has-medium-font-size\"><\/p>\n\n\n\n<p class=\"has-medium-font-size\"><strong><strong>LIENS VERS NOS PARTENAIRES<\/strong><\/strong><\/p>\n\n\n\n<p><a href=\"http:\/\/www.choosemuse.com\/\" target=\"_blank\" rel=\"noreferrer noopener\">Muse<\/a><\/p>\n\n\n\n<p><a href=\"https:\/\/www.canbind.ca\/\" target=\"_blank\" rel=\"noreferrer noopener\">CAN-BIND depression program<\/a><\/p>\n\n\n\n<p><a href=\"https:\/\/jiastoronto.org\/\">Jewish Immigrant Aid Services<\/a><\/p>\n\n\n\n<p><a href=\"https:\/\/hopeandme.org\/\" target=\"_blank\" rel=\"noreferrer noopener\">Hope + Me | Mood Disorders Association of Ontario<\/a><\/p>\n\n\n\n<p><a href=\"https:\/\/www.transcendentconcussion.ca\/\">TRANSCENDENT concussion program<\/a><\/p>\n\n\n\n<p><\/p>\n\n\n\n<p class=\"has-medium-font-size\"><strong>RESSOURCES<\/strong><\/p>\n\n\n\n<p class=\"has-medium-font-size\"><\/p>\n\n\n\n<p><a href=\"http:\/\/braininstitute.ca\/choice-d\">CHOICE\u2013D Patient and Family Guide to Depression Treatment<\/a><\/p>\n\n\n\n<p><a href=\"https:\/\/tinyurl.com\/muse-study\" target=\"_blank\" rel=\"noreferrer noopener\">Meditation and Sleep study<\/a><\/p>\n\n\n\n<p><a href=\"http:\/\/tinyurl.com\/sleep-public-talk\" target=\"_blank\" rel=\"noreferrer noopener\">Public Talk &#8211; Sleep and Relax for Brain Health<\/a><\/p>\n\n\n\n<p><a href=\"https:\/\/tinyurl.com\/movement-public-talk\" target=\"_blank\" rel=\"noreferrer noopener\">Public Talk &#8211; Movement for Brain Health<\/a><\/p>\n\n\n\n<p><a href=\"http:\/\/tinyurl.com\/tech-for-brain\" target=\"_blank\" rel=\"noreferrer noopener\">Public Talk &#8211; Tech for Better Brain Health<\/a>&nbsp;<\/p>\n\n\n\n<p><a href=\"http:\/\/tinyurl.com\/eat-and-play-blog\" target=\"_blank\" rel=\"noreferrer noopener\">Public Talk &#8211; Eat and Play for Brain Health&nbsp;<\/a><\/p>\n\n\n\n<p><a href=\"http:\/\/tinyurl.com\/brain-stimulation\" target=\"_blank\" rel=\"noreferrer noopener\">Public Talk \u2013 Brain Stimulation: The Next Generation of Treatments for Better Mental&nbsp;Health&nbsp;<\/a><\/p>\n\n\n\n<p><a href=\"http:\/\/tinyurl.com\/brain-food-blog\">Blog Post &#8211; Your Brain on Food<\/a> &nbsp;<\/p>\n\n\n\n<p><a href=\"http:\/\/braininstitute.ca\/health-tips\" target=\"_blank\" rel=\"noreferrer noopener\">Blog Post \u2013 Six Tip for Brain Health<\/a>&nbsp;<\/p>\n\n\n\n<p><\/p>\n\n\n\n<p><\/p>\n\n\n\n<p><\/p>\n","protected":false},"excerpt":{"rendered":"<p>Le cerveau est l\u2019un des organes les plus complexes et les plus vitaux du corps humain. Pourtant, de nombreuses id\u00e9es fausses demeurent sur la sant\u00e9 du cerveau. Lors de la r\u00e9cente discussion publique \u00ab Optimiser le cerveau \u00e0 l\u2019\u00e2ge adulte \u00bb, des experts en neurosciences, en psychiatrie et en sant\u00e9 communautaire se sont pench\u00e9s sur [&hellip;]<\/p>\n","protected":false},"author":19,"featured_media":3075,"comment_status":"closed","ping_status":"open","sticky":false,"template":"","format":"standard","meta":{"_acf_changed":false,"footnotes":""},"categories":[1,527,530,533],"tags":[],"class_list":["post-3137","post","type-post","status-publish","format-standard","has-post-thumbnail","hentry","category-brain-health-and-wellness","category-neurotech","category-research-and-data","category-sante-cerebrale-et-bien-etre"],"acf":[],"_links":{"self":[{"href":"https:\/\/blog.braininstitute.ca\/fr\/wp-json\/wp\/v2\/posts\/3137","targetHints":{"allow":["GET"]}}],"collection":[{"href":"https:\/\/blog.braininstitute.ca\/fr\/wp-json\/wp\/v2\/posts"}],"about":[{"href":"https:\/\/blog.braininstitute.ca\/fr\/wp-json\/wp\/v2\/types\/post"}],"author":[{"embeddable":true,"href":"https:\/\/blog.braininstitute.ca\/fr\/wp-json\/wp\/v2\/users\/19"}],"replies":[{"embeddable":true,"href":"https:\/\/blog.braininstitute.ca\/fr\/wp-json\/wp\/v2\/comments?post=3137"}],"version-history":[{"count":0,"href":"https:\/\/blog.braininstitute.ca\/fr\/wp-json\/wp\/v2\/posts\/3137\/revisions"}],"wp:featuredmedia":[{"embeddable":true,"href":"https:\/\/blog.braininstitute.ca\/fr\/wp-json\/wp\/v2\/media\/3075"}],"wp:attachment":[{"href":"https:\/\/blog.braininstitute.ca\/fr\/wp-json\/wp\/v2\/media?parent=3137"}],"wp:term":[{"taxonomy":"category","embeddable":true,"href":"https:\/\/blog.braininstitute.ca\/fr\/wp-json\/wp\/v2\/categories?post=3137"},{"taxonomy":"post_tag","embeddable":true,"href":"https:\/\/blog.braininstitute.ca\/fr\/wp-json\/wp\/v2\/tags?post=3137"}],"curies":[{"name":"wp","href":"https:\/\/api.w.org\/{rel}","templated":true}]}}